{"id":5733,"date":"2024-02-07T08:00:00","date_gmt":"2024-02-07T13:00:00","guid":{"rendered":"https:\/\/premiodefensorescolombia.org\/?p=5733"},"modified":"2024-02-07T08:00:00","modified_gmt":"2024-02-07T13:00:00","slug":"proximamente-convocatoria-premio-nacional-de-derechos-humanos-en-colombia","status":"publish","type":"post","link":"http:\/\/157.250.199.67\/~premiode\/wp\/2024\/02\/07\/proximamente-convocatoria-premio-nacional-de-derechos-humanos-en-colombia\/","title":{"rendered":"Convocatoria ampliada hasta el 31 de mayo"},"content":{"rendered":"\t\t<div data-elementor-type=\"wp-post\" data-elementor-id=\"5733\" class=\"elementor elementor-5733\">\n\t\t\t\t<div class=\"elementor-element elementor-element-255c2112 e-flex e-con-boxed e-con e-parent\" data-id=\"255c2112\" data-element_type=\"container\" data-e-type=\"container\">\n\t\t\t\t\t<div class=\"e-con-inner\">\n\t\t\t\t<div class=\"elementor-element elementor-element-3e1daf9d elementor-widget elementor-widget-text-editor\" data-id=\"3e1daf9d\" data-element_type=\"widget\" data-e-type=\"widget\" data-widget_type=\"text-editor.default\">\n\t\t\t\t\t\t\t\t\t<p><\/p>\n<p class=\"wp-block-paragraph\">Versi\u00f3n XIII<\/p>\n<p><\/p>\n<p><\/p>\n<p class=\"wp-block-paragraph\">Nos complace anunciar que la ampliacion de&nbsp; la convocatoria se ha extendido hasta el 31 de mayo.<\/p>\n<p>Esta distinci\u00f3n tiene como objetivo reconocer y destacar el arduo trabajo de individuos y organizaciones comprometidos con la promoci\u00f3n y defensa de los derechos fundamentales en nuestro pa\u00eds.<\/p>\n<p><\/p>\n<p><\/p>\n<p class=\"wp-block-paragraph\"><strong>\u00bfC\u00f3mo se nomina?<\/strong><\/p>\n<p><\/p>\n<p><\/p>\n<p class=\"wp-block-paragraph\">Se podr\u00e1 nominar a toda organizaci\u00f3n, colectivo, experiencia, l\u00edder, lideresa, o defensor\/a de derechos humanos de la sociedad civil colombiana, a partir de un proceso de unos requisitos difundidos ampliamente a nivel regional y nacional a trav\u00e9s de diferentes medios comunicaci\u00f3n durante las fechas establecidas de su duraci\u00f3n.<\/p>\n<p><\/p>\n<p><\/p>\n<p class=\"wp-block-paragraph\"><strong>\u00bfQui\u00e9nes pueden nominar?<\/strong><\/p>\n<p><\/p>\n<p><\/p>\n<ol class=\"wp-block-list\">\n<li style=\"list-style-type: none;\">\n<ol><\/ol>\n<\/li>\n<\/ol>\n<ol>\n<li style=\"list-style-type: none;\">\n<ol>\n<li>Organizaciones sociales, ONGs nacionales e internacionales, redes, plataformas, organizaciones de derechos humanos, agencias del Sistema de Naciones Unidas, organizaciones internacionales de cooperaci\u00f3n con trabajo regional y nacional en Colombia. Igualmente, entidades acad\u00e9micas o centros de pensamiento que tengan trabajo o formaci\u00f3n en derechos humanos, as\u00ed como Copartes del Programa Colombia Diakonia y de Act Iglesia Sueca.<\/li>\n<li>Cada organizaci\u00f3n con facultad de nominar al Premio debe diligenciar el formulario y luego \u00e9ste debe ser enviado en los t\u00e9rminos y fechas previstas en la convocatoria.<\/li>\n<li>No hay l\u00edmite en el n\u00famero de nominaciones.<\/li>\n<li>Los nominados y nominadas podr\u00e1n aspirar al Premio en s\u00f3lo una de las categor\u00edas.<\/li>\n<li>Las AUTO NOMINACIONES no ser\u00e1n tenidas en cuenta ni las nominaciones que procedan de personas de manera indivdual ni que provengan de entidades p\u00fablicas.<\/li>\n<\/ol>\n<\/li>\n<\/ol>\n<p><\/p>\n<p><\/p>\n<p><\/p>\n<h6><b>Categor\u00edas en las que puedes nomina<\/b>r<\/h6>\n<p class=\"wp-block-paragraph\"><\/p>\n<p><\/p>\n<ol class=\"wp-block-list\">\n<li style=\"list-style-type: none;\">\n<ol><\/ol>\n<\/li>\n<\/ol>\n<ol>\n<li style=\"list-style-type: none;\">\n<ol>\n<li><strong>DEFENSOR O DEFENSORA DEL A\u00d1O: <\/strong>aquella persona que por su trabajo desarrollado en el \u00faltimo a\u00f1o es testimonio significativo de la defensa de derechos humanos. La denominaci\u00f3n se refiere a trabajos destacados, realizados por una persona, durante el \u00faltimo a\u00f1o.&nbsp;<\/li>\n<\/ol>\n<\/li>\n<\/ol>\n<p><\/p>\n<p><\/p>\n<ol>\n<li style=\"list-style-type: none;\">\n<ol>\n<li><strong>EXPERIENCIA O PROCESO COLECTIVO DEL A\u00d1O<\/strong>: Aquella experiencia colectiva que se destaque por su trabajo de defensa de derechos humanos desarrollado en el \u00faltimo a\u00f1o en dos modalidades: <strong>A) nivel proceso social comunitario<\/strong><strong>&nbsp;y B) nivel ONG, colectivo u ONG acompa\u00f1antes<\/strong><strong>.<\/strong> Se entregar\u00e1n por tanto dos premios en esta categor\u00eda: uno a procesos sociales de base y comunitarios y otro a ONGs.<\/li>\n<\/ol>\n<\/li>\n<\/ol>\n<p><\/p>\n<p><\/p>\n<ol>\n<li style=\"list-style-type: none;\">\n<\/li>\n<ol>\n<li><strong>RECONOCIMIENTO \u201cA TODA UNA VIDA\u201d<\/strong> a Defensor \/ Defensora por su valor, \u201cperseverancia\u201d, y \u201cpresencia\u201d en la defensa de derechos humanos, con m\u00ednimo 30 a\u00f1os de trabajo en Colombia.<\/li>\n<\/ol>\n<\/ol>\n<div><br><\/div>\n<div>Descargue los t\u00e9rminos de referencia<\/div>\n<p><\/p>\n<p><\/p>\n<p><\/p>\n<p class=\"wp-block-paragraph\">&nbsp; &nbsp; &nbsp; &nbsp; &nbsp;Conoce mas en<\/p>\n<p><\/p>\n<p><\/p>\n<p class=\"wp-block-paragraph\">&nbsp; &nbsp; &nbsp; &nbsp; &nbsp; www.premiodefensorescolombia.org<\/p>\n<p><\/p>\n<p><\/p>\n<p class=\"wp-block-paragraph\"><\/p>\n<p><\/p>\n<p><\/p>\n<p class=\"wp-block-paragraph\"><\/p>\t\t\t\t\t\t\t\t<\/div>\n\t\t\t\t\t<\/div>\n\t\t\t\t<\/div>\n\t\t<div class=\"elementor-element elementor-element-d3b15f2 e-flex e-con-boxed e-con e-parent\" data-id=\"d3b15f2\" data-element_type=\"container\" data-e-type=\"container\">\n\t\t\t\t\t<div class=\"e-con-inner\">\n\t\t\t\t<div class=\"elementor-element elementor-element-5c5a955 elementor-widget elementor-widget-image\" data-id=\"5c5a955\" data-element_type=\"widget\" data-e-type=\"widget\" data-widget_type=\"image.default\">\n\t\t\t\t\t\t\t\t\t\t\t\t\t\t\t<img decoding=\"async\" src=\"http:\/\/xje.41a.mytemp.website\/wp-content\/uploads\/2023\/09\/Ganadores-4.png\" title=\"\" alt=\"\" loading=\"lazy\" \/>\t\t\t\t\t\t\t\t\t\t\t\t\t\t\t<\/div>\n\t\t\t\t\t<\/div>\n\t\t\t\t<\/div>\n\t\t\t\t<\/div>\n\t\t","protected":false},"excerpt":{"rendered":"<p>Versi\u00f3n XIII Nos complace anunciar que la ampliacion de&nbsp; la convocatoria se ha extendido hasta el 31 de mayo. Esta distinci\u00f3n tiene como objetivo reconocer y destacar el arduo trabajo de individuos y organizaciones comprometidos con la promoci\u00f3n y defensa de los derechos fundamentales en nuestro pa\u00eds. \u00bfC\u00f3mo se nomina? Se podr\u00e1 nominar a toda [&hellip;]<\/p>\n","protected":false},"author":1,"featured_media":5753,"comment_status":"closed","ping_status":"closed","sticky":false,"template":"","format":"standard","meta":{"inline_featured_image":false,"footnotes":""},"categories":[55],"tags":[64,65],"class_list":["post-5733","post","type-post","status-publish","format-standard","has-post-thumbnail","hentry","category-sin-categoria","tag-colombia","tag-premio"],"_links":{"self":[{"href":"http:\/\/157.250.199.67\/~premiode\/wp\/wp-json\/wp\/v2\/posts\/5733","targetHints":{"allow":["GET"]}}],"collection":[{"href":"http:\/\/157.250.199.67\/~premiode\/wp\/wp-json\/wp\/v2\/posts"}],"about":[{"href":"http:\/\/157.250.199.67\/~premiode\/wp\/wp-json\/wp\/v2\/types\/post"}],"author":[{"embeddable":true,"href":"http:\/\/157.250.199.67\/~premiode\/wp\/wp-json\/wp\/v2\/users\/1"}],"replies":[{"embeddable":true,"href":"http:\/\/157.250.199.67\/~premiode\/wp\/wp-json\/wp\/v2\/comments?post=5733"}],"version-history":[{"count":0,"href":"http:\/\/157.250.199.67\/~premiode\/wp\/wp-json\/wp\/v2\/posts\/5733\/revisions"}],"wp:attachment":[{"href":"http:\/\/157.250.199.67\/~premiode\/wp\/wp-json\/wp\/v2\/media?parent=5733"}],"wp:term":[{"taxonomy":"category","embeddable":true,"href":"http:\/\/157.250.199.67\/~premiode\/wp\/wp-json\/wp\/v2\/categories?post=5733"},{"taxonomy":"post_tag","embeddable":true,"href":"http:\/\/157.250.199.67\/~premiode\/wp\/wp-json\/wp\/v2\/tags?post=5733"}],"curies":[{"name":"wp","href":"https:\/\/api.w.org\/{rel}","templated":true}]}}